{"id":25470,"date":"2022-07-11T09:29:00","date_gmt":"2022-07-11T07:29:00","guid":{"rendered":"https:\/\/consejoescolar.educacion.navarra.es\/web1\/?p=25470"},"modified":"2022-07-05T08:29:29","modified_gmt":"2022-07-05T06:29:29","slug":"komunikatzen-gara","status":"publish","type":"post","link":"https:\/\/consejoescolar.educacion.navarra.es\/web1\/eu\/2022\/07\/11\/komunikatzen-gara\/","title":{"rendered":"Komunikatzen gara"},"content":{"rendered":"\n<p>Iru\u00f1eko Sagrado Coraz\u00f3n FESB ikastetxeko DBHko 2. mailako ikasleek Iru\u00f1eko udaletxea eta Nafarroako Parlamentua bisitatu dituzte Erasmus+ programaren barruan. Proiektuaren izena &#8220;komunikatzen gara, elkar ulertzen dugu. XXI. mendean topaguneak bilatzen&#8221; da eta Frantziako Pessac herriko Coll\u00e8ge Alouette de Pessac ikastetxearekin partekatzen dute.<\/p>\n\n\n\n<!--more-->\n\n\n\n<figure class=\"wp-block-image size-large\"><a href=\"https:\/\/consejoescolar.educacion.navarra.es\/web1\/wp-content\/uploads\/2022\/06\/IMG-20220602-WA0003.jpg\"><img loading=\"lazy\" width=\"691\" height=\"1024\" src=\"https:\/\/consejoescolar.educacion.navarra.es\/web1\/wp-content\/uploads\/2022\/06\/IMG-20220602-WA0003-691x1024.jpg\" alt=\"\" class=\"wp-image-25125\" srcset=\"https:\/\/consejoescolar.educacion.navarra.es\/web1\/wp-content\/uploads\/2022\/06\/IMG-20220602-WA0003-691x1024.jpg 691w, https:\/\/consejoescolar.educacion.navarra.es\/web1\/wp-content\/uploads\/2022\/06\/IMG-20220602-WA0003-202x300.jpg 202w, https:\/\/consejoescolar.educacion.navarra.es\/web1\/wp-content\/uploads\/2022\/06\/IMG-20220602-WA0003-768x1139.jpg 768w, https:\/\/consejoescolar.educacion.navarra.es\/web1\/wp-content\/uploads\/2022\/06\/IMG-20220602-WA0003-1036x1536.jpg 1036w, https:\/\/consejoescolar.educacion.navarra.es\/web1\/wp-content\/uploads\/2022\/06\/IMG-20220602-WA0003.jpg 1079w\" sizes=\"(max-width: 691px) 100vw, 691px\" \/><\/a><\/figure>\n\n\n\n<p>Komunikatzeko eta parte hartzeko hainbat modu ditu ardatz, besteak beste, erakunde tokiko eta autonomikoak. Horregatik, Iru\u00f1eko Udala eta Nafarroako Parlamentua bisitatu dituzte, erakunde horien jatorria eta funtzionamendua ezagutzeko eta Frantziako ikasleekin partekatu ahal izateko.<\/p>\n\n\n\n<p><em>Albistea interesatzen bazaizu, <\/em><a href=\"https:\/\/consejoescolar.educacion.navarra.es\/web1\/wp-content\/uploads\/2022\/06\/2897.pdf\"><em>hemen<\/em><\/a><em> irakur dezakezu Sagrado Coraz\u00f3n FESB ikastetxeak egindako prentsa-oharra.<\/em><\/p>\n","protected":false},"excerpt":{"rendered":"<p>Iru\u00f1eko Sagrado Coraz\u00f3n FESB ikastetxeko DBHko 2. mailako ikasleek Iru\u00f1eko udaletxea eta Nafarroako Parlamentua bisitatu dituzte Erasmus+ programaren barruan. Proiektuaren izena &#8220;komunikatzen gara, elkar ulertzen dugu. XXI. mendean topaguneak bilatzen&#8221; da eta Frantziako Pessac herriko Coll\u00e8ge Alouette de Pessac ikastetxearekin partekatzen dute.<\/p>\n","protected":false},"author":1,"featured_media":25125,"comment_status":"closed","ping_status":"closed","sticky":false,"template":"","format":"standard","meta":{"_genesis_hide_title":false,"_genesis_hide_breadcrumbs":false,"_genesis_hide_singular_image":false,"_genesis_hide_footer_widgets":false,"_genesis_custom_body_class":"","_genesis_custom_post_class":"","_genesis_layout":"","jetpack_post_was_ever_published":false},"categories":[5],"tags":[],"jetpack_featured_media_url":"https:\/\/consejoescolar.educacion.navarra.es\/web1\/wp-content\/uploads\/2022\/06\/IMG-20220602-WA0003.jpg","_links":{"self":[{"href":"https:\/\/consejoescolar.educacion.navarra.es\/web1\/eu\/wp-json\/wp\/v2\/posts\/25470"}],"collection":[{"href":"https:\/\/consejoescolar.educacion.navarra.es\/web1\/eu\/wp-json\/wp\/v2\/posts"}],"about":[{"href":"https:\/\/consejoescolar.educacion.navarra.es\/web1\/eu\/wp-json\/wp\/v2\/types\/post"}],"author":[{"embeddable":true,"href":"https:\/\/consejoescolar.educacion.navarra.es\/web1\/eu\/wp-json\/wp\/v2\/users\/1"}],"replies":[{"embeddable":true,"href":"https:\/\/consejoescolar.educacion.navarra.es\/web1\/eu\/wp-json\/wp\/v2\/comments?post=25470"}],"version-history":[{"count":1,"href":"https:\/\/consejoescolar.educacion.navarra.es\/web1\/eu\/wp-json\/wp\/v2\/posts\/25470\/revisions"}],"predecessor-version":[{"id":25471,"href":"https:\/\/consejoescolar.educacion.navarra.es\/web1\/eu\/wp-json\/wp\/v2\/posts\/25470\/revisions\/25471"}],"wp:featuredmedia":[{"embeddable":true,"href":"https:\/\/consejoescolar.educacion.navarra.es\/web1\/eu\/wp-json\/wp\/v2\/media\/25125"}],"wp:attachment":[{"href":"https:\/\/consejoescolar.educacion.navarra.es\/web1\/eu\/wp-json\/wp\/v2\/media?parent=25470"}],"wp:term":[{"taxonomy":"category","embeddable":true,"href":"https:\/\/consejoescolar.educacion.navarra.es\/web1\/eu\/wp-json\/wp\/v2\/categories?post=25470"},{"taxonomy":"post_tag","embeddable":true,"href":"https:\/\/consejoescolar.educacion.navarra.es\/web1\/eu\/wp-json\/wp\/v2\/tags?post=25470"}],"curies":[{"name":"wp","href":"https:\/\/api.w.org\/{rel}","templated":true}]}}