{"id":10115,"date":"2018-02-16T09:51:50","date_gmt":"2018-02-16T08:51:50","guid":{"rendered":"http:\/\/consejoescolar.educacion.navarra.es\/web1\/?p=10115"},"modified":"2018-02-16T09:51:50","modified_gmt":"2018-02-16T08:51:50","slug":"soinu-paisaiak","status":"publish","type":"post","link":"https:\/\/consejoescolar.educacion.navarra.es\/web1\/eu\/2018\/02\/16\/soinu-paisaiak\/","title":{"rendered":"Soinu-paisaiak"},"content":{"rendered":"<p>Soinu-paisaiak proiektua haur eskolan soinu- eta musika- aukeretan sakontzeko nahiarekin sortzen da.<\/p>\n<p><!--more--><\/p>\n<p><a href=\"http:\/\/consejoescolar.educacion.navarra.es\/web1\/wp-content\/uploads\/2018\/01\/music.jpg\"><img loading=\"lazy\" class=\"aligncenter size-medium wp-image-10014\" src=\"http:\/\/consejoescolar.educacion.navarra.es\/web1\/wp-content\/uploads\/2018\/01\/music-300x200.jpg\" alt=\"\" width=\"300\" height=\"200\" srcset=\"https:\/\/consejoescolar.educacion.navarra.es\/web1\/wp-content\/uploads\/2018\/01\/music-300x200.jpg 300w, https:\/\/consejoescolar.educacion.navarra.es\/web1\/wp-content\/uploads\/2018\/01\/music-768x512.jpg 768w, https:\/\/consejoescolar.educacion.navarra.es\/web1\/wp-content\/uploads\/2018\/01\/music-1024x683.jpg 1024w\" sizes=\"(max-width: 300px) 100vw, 300px\" \/><\/a><\/p>\n<p>Ikerketa hau haurrekin aritzeko modu bat da,\u00a0 nagusitasunik, irakaskuntzarik eta transmisiorik gabekoa. Bi artisten aholkularitza musikala eta esperimentatzeko lau jokaleku ezberdin eskaintzen ditu proiektuak, beti ere familien parte-hartzea kontutan hartuz. Egileak Alfredo Hoyuelos, Joan Manuel Chouci\u00f1o, Roc\u00edo Galindo, Jaime Izal eta M\u00f3nica S\u00e1nchez dira.<\/p>\n<p><em><a href=\"http:\/\/consejoescolar.educacion.navarra.es\/web1\/wp-content\/uploads\/2018\/01\/1402.pdf\" target=\"_blank\" rel=\"noopener\">Hemen klik<\/a> egin artikulua irakurtzeko. Aula Infantil aldizkarian argitaratu zen.<\/em><\/p>\n","protected":false},"excerpt":{"rendered":"<p>Soinu-paisaiak proiektua haur eskolan soinu- eta musika- aukeretan sakontzeko nahiarekin sortzen da.<\/p>\n","protected":false},"author":1,"featured_media":10015,"comment_status":"closed","ping_status":"closed","sticky":false,"template":"","format":"standard","meta":{"_genesis_hide_title":false,"_genesis_hide_breadcrumbs":false,"_genesis_hide_singular_image":false,"_genesis_hide_footer_widgets":false,"_genesis_custom_body_class":"","_genesis_custom_post_class":"","_genesis_layout":"","jetpack_post_was_ever_published":false},"categories":[5],"tags":[],"jetpack_featured_media_url":"https:\/\/consejoescolar.educacion.navarra.es\/web1\/wp-content\/uploads\/2018\/01\/music.jpg","_links":{"self":[{"href":"https:\/\/consejoescolar.educacion.navarra.es\/web1\/eu\/wp-json\/wp\/v2\/posts\/10115"}],"collection":[{"href":"https:\/\/consejoescolar.educacion.navarra.es\/web1\/eu\/wp-json\/wp\/v2\/posts"}],"about":[{"href":"https:\/\/consejoescolar.educacion.navarra.es\/web1\/eu\/wp-json\/wp\/v2\/types\/post"}],"author":[{"embeddable":true,"href":"https:\/\/consejoescolar.educacion.navarra.es\/web1\/eu\/wp-json\/wp\/v2\/users\/1"}],"replies":[{"embeddable":true,"href":"https:\/\/consejoescolar.educacion.navarra.es\/web1\/eu\/wp-json\/wp\/v2\/comments?post=10115"}],"version-history":[{"count":3,"href":"https:\/\/consejoescolar.educacion.navarra.es\/web1\/eu\/wp-json\/wp\/v2\/posts\/10115\/revisions"}],"predecessor-version":[{"id":10128,"href":"https:\/\/consejoescolar.educacion.navarra.es\/web1\/eu\/wp-json\/wp\/v2\/posts\/10115\/revisions\/10128"}],"wp:featuredmedia":[{"embeddable":true,"href":"https:\/\/consejoescolar.educacion.navarra.es\/web1\/eu\/wp-json\/wp\/v2\/media\/10015"}],"wp:attachment":[{"href":"https:\/\/consejoescolar.educacion.navarra.es\/web1\/eu\/wp-json\/wp\/v2\/media?parent=10115"}],"wp:term":[{"taxonomy":"category","embeddable":true,"href":"https:\/\/consejoescolar.educacion.navarra.es\/web1\/eu\/wp-json\/wp\/v2\/categories?post=10115"},{"taxonomy":"post_tag","embeddable":true,"href":"https:\/\/consejoescolar.educacion.navarra.es\/web1\/eu\/wp-json\/wp\/v2\/tags?post=10115"}],"curies":[{"name":"wp","href":"https:\/\/api.w.org\/{rel}","templated":true}]}}